{"id":1592,"date":"2025-08-20T12:53:00","date_gmt":"2025-08-20T10:53:00","guid":{"rendered":"https:\/\/cleanexpert.hu\/blog\/?p=1592"},"modified":"2025-08-20T12:53:00","modified_gmt":"2025-08-20T10:53:00","slug":"muemlek-epulet-tisztitasa","status":"publish","type":"post","link":"https:\/\/cleanexpert.hu\/blog\/muemlek-epulet-tisztitasa\/","title":{"rendered":"M\u0171eml\u00e9k \u00e9p\u00fclet tiszt\u00edt\u00e1sa: Mi\u00e9rt olyan bonyolult egy v\u00e1rfal lemos\u00e1sa?"},"content":{"rendered":"<h2>Gyors v\u00e1lasz: M\u0171eml\u00e9k \u00e9p\u00fcletek tiszt\u00edt\u00e1sa mik a legnagyobb kih\u00edv\u00e1sok?<\/h2>\n<p>A m\u0171eml\u00e9k \u00e9p\u00fcletek tiszt\u00edt\u00e1s\u00e1nak legnagyobb kih\u00edv\u00e1sa a t\u00f6rt\u00e9nelmi \u00e9rt\u00e9kek meg\u0151rz\u00e9se \u00e9s a modern tiszt\u00edt\u00e1si technol\u00f3gi\u00e1k k\u00f6z\u00f6tti egyens\u00faly megteremt\u00e9se. A speci\u00e1lis anyagok, \u00e9vsz\u00e1zados szennyez\u0151d\u00e9sek \u00e9s szigor\u00fa \u00f6r\u00f6ks\u00e9gv\u00e9delmi el\u0151\u00edr\u00e1sok olyan komplex feladatot jelentenek, amely speci\u00e1lis szak\u00e9rtelmet \u00e9s technol\u00f3gi\u00e1t ig\u00e9nyel.<\/p>\n<h2>F\u0151 t\u00e9m\u00e1k \u00e1ttekint\u00e9se:<\/h2>\n<ul>\n<li><strong>K\u00fcl\u00f6nleges anyagok \u00e9s tiszt\u00edt\u00e1si kih\u00edv\u00e1sok<\/strong> &#8211; T\u00f6rt\u00e9nelmi k\u00f6vek, habarcsok \u00e9s fel\u00fcletek speci\u00e1lis kezel\u00e9se<\/li>\n<li><strong>Jogi \u00e9s \u00f6r\u00f6ks\u00e9gv\u00e9delmi el\u0151\u00edr\u00e1sok<\/strong> &#8211; Hat\u00f3s\u00e1gi enged\u00e9lyek \u00e9s szakmai fel\u00fcgyelet k\u00f6vetelm\u00e9nyei<\/li>\n<li><strong>Modern technol\u00f3gi\u00e1k alkalmaz\u00e1sa<\/strong> &#8211; L\u00e9zeres tiszt\u00edt\u00e1s, mikro-abraz\u00edv m\u00f3dszerek \u00e9s k\u00f6rnyezetbar\u00e1t megold\u00e1sok<\/li>\n<li><strong>K\u00f6lts\u00e9gvet\u00e9si megfontol\u00e1sok<\/strong> &#8211; Finansz\u00edroz\u00e1si lehet\u0151s\u00e9gek \u00e9s k\u00f6lts\u00e9g-haszon elemz\u00e9s<\/li>\n<li><strong>Esettanulm\u00e1nyok \u00e9s bev\u00e1lt gyakorlatok<\/strong> &#8211; Sikeres m\u0171eml\u00e9k-fel\u00faj\u00edt\u00e1si projektek tanuls\u00e1gai<\/li>\n<li><strong>J\u00f6v\u0151beli trendek<\/strong> &#8211; Fenntarthat\u00f3s\u00e1g \u00e9s digit\u00e1lis monitoroz\u00e1s szerepe<\/li>\n<\/ul>\n<h2>Mi\u00e9rt k\u00fcl\u00f6nleges feladat a m\u0171eml\u00e9k \u00e9p\u00fcletek tiszt\u00edt\u00e1sa?<\/h2>\n<p>A m\u0171eml\u00e9k \u00e9p\u00fcletek tiszt\u00edt\u00e1sa messze t\u00falmutat a hagyom\u00e1nyos takar\u00edt\u00e1si feladatokon. Ezek az \u00e9p\u00edtm\u00e9nyek \u00e9vsz\u00e1zadok vagy ak\u00e1r \u00e9vezredek t\u00f6rt\u00e9nelm\u00e9t hordozz\u00e1k, \u00e9s minden beavatkoz\u00e1s sor\u00e1n meg kell \u0151rizni eredeti karakter\u00fcket \u00e9s anyagaikat.<\/p>\n<h3>A t\u00f6rt\u00e9nelmi \u00e9p\u00fcletek egyedi kih\u00edv\u00e1sai<\/h3>\n<p>A m\u0171eml\u00e9k \u00e9p\u00fcletek tiszt\u00edt\u00e1s\u00e1nak alapvet\u0151 probl\u00e9m\u00e1ja, hogy <strong>az eredeti \u00e9p\u00edt\u00e9si anyagok gyakran s\u00e9r\u00fcl\u00e9kenyek<\/strong> \u00e9s k\u00fcl\u00f6nleges kezel\u00e9st ig\u00e9nyelnek. A term\u00e9szetes k\u0151, hagyom\u00e1nyos habarcs \u00e9s t\u00f6rt\u00e9nelmi t\u00e9gl\u00e1k nem ugyan\u00fagy reag\u00e1lnak a modern tiszt\u00edt\u00f3szerekre, mint a kort\u00e1rs \u00e9p\u00edt\u0151anyagok.<\/p>\n<p>Egy 2024-es eur\u00f3pai tanulm\u00e1ny szerint a m\u0171eml\u00e9k \u00e9p\u00fcletek 78%-\u00e1n\u00e1l tapasztalhat\u00f3 olyan m\u00e9rt\u00e9k\u0171 anyagk\u00e1rosod\u00e1s, amely speci\u00e1lis restaur\u00e1l\u00e1si technol\u00f3gi\u00e1kat ig\u00e9nyel. Ez azt jelenti, hogy hagyom\u00e1nyos takar\u00edt\u00e1si m\u00f3dszerek alkalmaz\u00e1sa ak\u00e1r visszaford\u00edthatatlan k\u00e1rokat is okozhat.<\/p>\n<h3>Szennyez\u0151d\u00e9sek t\u00edpusai \u00e9s \u00f6sszetetts\u00e9ge<\/h3>\n<p>A m\u0171eml\u00e9k \u00e9p\u00fcleteken tal\u00e1lhat\u00f3 szennyez\u0151d\u00e9sek rendk\u00edv\u00fcl v\u00e1ltozatosak:<\/p>\n<p><strong>Biol\u00f3giai szennyez\u0151d\u00e9sek:<\/strong><\/p>\n<ul>\n<li>Alg\u00e1k \u00e9s moh\u00e1k (f\u0151k\u00e9nt \u00e9szaki oldalakon)<\/li>\n<li>Zuzm\u00f3k (k\u00fcl\u00f6n\u00f6sen k\u0151fel\u00fcleteken)<\/li>\n<li>Gy\u00f6k\u00e9rrendszerek behatol\u00e1sa (ivy damage)<\/li>\n<\/ul>\n<p><strong>K\u00f6rnyezeti szennyez\u0151d\u00e9sek:<\/strong><\/p>\n<ul>\n<li>L\u00e9gszennyez\u00e9s \u00e1ltal okozott k\u00e9reg (sulf\u00e1tosod\u00e1s)<\/li>\n<li>Sal\u00e9tromos kifakul\u00e1s<\/li>\n<li>Karbonszennyez\u0151d\u00e9s (f\u0151k\u00e9nt v\u00e1rosi k\u00f6rnyezetben)<\/li>\n<\/ul>\n<p><strong>Emberi eredet\u0171 szennyez\u0151d\u00e9sek:<\/strong><\/p>\n<ul>\n<li>Graffiti \u00e9s fest\u00e9kr\u00e9tegek<\/li>\n<li>Cementb\u00e1zis\u00fa jav\u00edt\u00e1sok<\/li>\n<li>Kor\u00e1bban alkalmazott nem megfelel\u0151 v\u00e9d\u0151bevonatok<\/li>\n<\/ul>\n<h2>Jogi \u00e9s szab\u00e1lyoz\u00e1si k\u00f6rnyezet Magyarorsz\u00e1gon<\/h2>\n<h3><img loading=\"lazy\" decoding=\"async\" class=\" td-modal-image aligncenter wp-image-1633 size-full\" src=\"https:\/\/cleanexpert.hu\/blog\/wp-content\/uploads\/2025\/08\/Image_fx-2.png\" alt=\"Meta le\u00edr\u00e1s: Mi\u00e9rt ker\u00fcl milli\u00f3ba egy v\u00e1rfal tiszt\u00edt\u00e1sa? Fedezd fel a m\u0171eml\u00e9k \u00e9p\u00fcletek rejtett kih\u00edv\u00e1sait, a l\u00e9zeres technol\u00f3gi\u00e1kat \u00e9s az \u00f6nkorm\u00e1nyzati dilemm\u00e1kat. m\u0171eml\u00e9k \u00e9p\u00fclet tiszt\u00edt\u00e1sa\" width=\"1408\" height=\"768\" title=\"\" srcset=\"https:\/\/cleanexpert.hu\/blog\/wp-content\/uploads\/2025\/08\/Image_fx-2.png 1408w, https:\/\/cleanexpert.hu\/blog\/wp-content\/uploads\/2025\/08\/Image_fx-2-300x164.png 300w, https:\/\/cleanexpert.hu\/blog\/wp-content\/uploads\/2025\/08\/Image_fx-2-1024x559.png 1024w, https:\/\/cleanexpert.hu\/blog\/wp-content\/uploads\/2025\/08\/Image_fx-2-768x419.png 768w, https:\/\/cleanexpert.hu\/blog\/wp-content\/uploads\/2025\/08\/Image_fx-2-770x420.png 770w, https:\/\/cleanexpert.hu\/blog\/wp-content\/uploads\/2025\/08\/Image_fx-2-150x82.png 150w, https:\/\/cleanexpert.hu\/blog\/wp-content\/uploads\/2025\/08\/Image_fx-2-696x380.png 696w, https:\/\/cleanexpert.hu\/blog\/wp-content\/uploads\/2025\/08\/Image_fx-2-1068x583.png 1068w\" sizes=\"auto, (max-width: 1408px) 100vw, 1408px\" \/><\/h3>\n<h3>\u00d6r\u00f6ks\u00e9gv\u00e9delmi el\u0151\u00edr\u00e1sok<\/h3>\n<p>Magyarorsz\u00e1gon a <a href=\"https:\/\/cleanexpert.hu\/blog\/tevekenysegeink-kozintezmenyeknek-es-onkormanyzatoknak\/\">m\u0171eml\u00e9k \u00e9p\u00fcletek tiszt\u00edt\u00e1s\u00e1t<\/a> a <strong>2001. \u00e9vi LXIV. t\u00f6rv\u00e9ny<\/strong> szab\u00e1lyozza, amely a kultur\u00e1lis \u00f6r\u00f6ks\u00e9g v\u00e9delm\u00e9r\u0151l rendelkezik. A t\u00f6rv\u00e9ny szerint minden olyan beavatkoz\u00e1s, amely a m\u0171eml\u00e9k k\u00fcls\u0151 megjelen\u00e9s\u00e9t \u00e9rinti, \u00f6r\u00f6ks\u00e9gv\u00e9delmi hat\u00f3s\u00e1gi enged\u00e9lyt ig\u00e9nyel.<\/p>\n<p>Az \u00f6r\u00f6ks\u00e9gv\u00e9delmi hat\u00f3s\u00e1gok adatai szerint \u00e9vente jelent\u0151s sz\u00e1m\u00fa m\u0171eml\u00e9k \u00e9p\u00fclet kap tiszt\u00edt\u00e1si vagy fel\u00faj\u00edt\u00e1si enged\u00e9lyt orsz\u00e1gszerte, ami az akt\u00edv m\u0171eml\u00e9kv\u00e9delmi tev\u00e9kenys\u00e9get mutatja.<\/p>\n<h3>\u00d6nkorm\u00e1nyzati felel\u0151ss\u00e9gek<\/h3>\n<p>Az \u00f6r\u00f6ks\u00e9gv\u00e9delmi feladatokat jelenleg az \u00c9p\u00edt\u00e9si \u00e9s K\u00f6zleked\u00e9si Miniszt\u00e9rium \u00c9p\u00edt\u00e9szeti \u00c1llamtitk\u00e1rs\u00e1g\u00e1n bel\u00fcl az \u00c9p\u00edt\u00e9szet\u00e9rt \u00e9s M\u0171eml\u00e9kv\u00e9delem\u00e9rt felel\u0151s Helyettes \u00c1llamtitk\u00e1rs\u00e1g l\u00e1tja el. A 2023-as \u00f6nkorm\u00e1nyzati t\u00f6rv\u00e9nym\u00f3dos\u00edt\u00e1s \u00e9rtelm\u00e9ben:<\/p>\n<ul>\n<li><strong>K\u00f6telez\u0151 \u00e1llapotfelm\u00e9r\u00e9s<\/strong> 5 \u00e9vente<\/li>\n<li><strong>Megel\u0151z\u0151 karbantart\u00e1si terv<\/strong> k\u00e9sz\u00edt\u00e9se<\/li>\n<li><strong>Szakmai fel\u00fcgyelet<\/strong> biztos\u00edt\u00e1sa minden beavatkoz\u00e1sn\u00e1l<\/li>\n<li><strong>Dokument\u00e1ci\u00f3s k\u00f6telezetts\u00e9g<\/strong> minden tiszt\u00edt\u00e1si m\u0171veletr\u0151l<\/li>\n<\/ul>\n<h2>Modern technol\u00f3gi\u00e1k a m\u0171eml\u00e9k-tiszt\u00edt\u00e1sban<\/h2>\n<h3>L\u00e9zeres tiszt\u00edt\u00e1si technol\u00f3gia<\/h3>\n<p>A l\u00e9zeres tiszt\u00edt\u00e1s forradalmas\u00edtotta a m\u0171eml\u00e9k-restaur\u00e1l\u00e1st. Ez a technol\u00f3gia lehet\u0151v\u00e9 teszi a <strong>r\u00e9tegenk\u00e9nti, kontroll\u00e1lt elt\u00e1vol\u00edt\u00e1st<\/strong> an\u00e9lk\u00fcl, hogy k\u00e1ros\u00edtan\u00e1 az eredeti fel\u00fcletet.<\/p>\n<p><strong>El\u0151ny\u00f6k:<\/strong><\/p>\n<ul>\n<li>Prec\u00edz kontroll a tiszt\u00edt\u00e1si m\u00e9lys\u00e9g felett<\/li>\n<li>Nem haszn\u00e1l vegyi anyagokat<\/li>\n<li>Minim\u00e1lis v\u00edz- vagy hullad\u00e9ktermel\u00e9s<\/li>\n<li>Szelekt\u00edv elt\u00e1vol\u00edt\u00e1s (csak a szennyez\u0151d\u00e9st t\u00e1vol\u00edtja el)<\/li>\n<\/ul>\n<p><strong>H\u00e1tr\u00e1nyok:<\/strong><\/p>\n<ul>\n<li>Magas beszerz\u00e9si k\u00f6lts\u00e9g (15-25 milli\u00f3 Ft\/k\u00e9sz\u00fcl\u00e9k)<\/li>\n<li>Speci\u00e1lisan k\u00e9pzett kezel\u0151 sz\u00fcks\u00e9ges<\/li>\n<li>Korl\u00e1tozottan alkalmazhat\u00f3 egyes anyagokn\u00e1l<\/li>\n<\/ul>\n<h3>Mikro-abraz\u00edv technol\u00f3gi\u00e1k<\/h3>\n<p>A mikro-abraz\u00edv tiszt\u00edt\u00e1s sor\u00e1n finoman adagolt abraz\u00edv anyagokkal (pl. kalcium-karbon\u00e1t, \u00fcveggoly\u00f3k) t\u00e1vol\u00edtj\u00e1k el a szennyez\u0151d\u00e9seket. A 2024-es technol\u00f3giai fejleszt\u00e9sek jelent\u0151sen jav\u00edtott\u00e1k ennek a m\u00f3dszernek a hat\u00e9konys\u00e1g\u00e1t.<\/p>\n<h3>Biol\u00f3giai tiszt\u00edt\u00e1si m\u00f3dszerek<\/h3>\n<p>\u00dajdons\u00e1g a m\u0171eml\u00e9k-tiszt\u00edt\u00e1sban a <strong>biotechnol\u00f3giai megold\u00e1sok<\/strong> alkalmaz\u00e1sa. Speci\u00e1lis bakt\u00e9riumt\u00f6rzsek haszn\u00e1lat\u00e1val lehet elt\u00e1vol\u00edtani bizonyos t\u00edpus\u00fa szennyez\u0151d\u00e9seket:<\/p>\n<ul>\n<li>Nitrog\u00e9nfix\u00e1l\u00f3 bakt\u00e9riumok sal\u00e9tromos szennyez\u0151d\u00e9sek ellen<\/li>\n<li>Lip\u00e1z enzimek zs\u00edros foltok elt\u00e1vol\u00edt\u00e1s\u00e1ra<\/li>\n<li>Cellulol\u00edtikus enzimek organikus lerak\u00f3d\u00e1sok ellen<\/li>\n<\/ul>\n<h2>K\u00f6lts\u00e9gvet\u00e9si kih\u00edv\u00e1sok \u00e9s finansz\u00edroz\u00e1si lehet\u0151s\u00e9gek<\/h2>\n<h3>K\u00f6lts\u00e9gstrukt\u00fara<\/h3>\n<p>A m\u0171eml\u00e9k \u00e9p\u00fcletek tiszt\u00edt\u00e1s\u00e1nak k\u00f6lts\u00e9gei jelent\u0151sen meghaladj\u00e1k a hagyom\u00e1nyos \u00e9p\u00fclet-takar\u00edt\u00e1s \u00e1r\u00e1t. Egy \u00e1tlagos 500 m\u00b2 homlokzatfel\u00fclet tiszt\u00edt\u00e1sa <strong>2,5-8 milli\u00f3 forint<\/strong> k\u00f6z\u00f6tt mozog, a v\u00e1lasztott technol\u00f3gi\u00e1t\u00f3l \u00e9s a szennyezetts\u00e9g m\u00e9rt\u00e9k\u00e9t\u0151l f\u00fcgg\u0151en.<\/p>\n<p><strong>K\u00f6lts\u00e9g\u00f6sszetev\u0151k:<\/strong><\/p>\n<ul>\n<li>El\u0151zetes \u00e1llapotfelm\u00e9r\u00e9s \u00e9s tervez\u00e9s (10-15%)<\/li>\n<li>\u00d6r\u00f6ks\u00e9gv\u00e9delmi enged\u00e9lyez\u00e9s (5-8%)<\/li>\n<li>Tiszt\u00edt\u00e1si munk\u00e1latok (60-70%)<\/li>\n<li>Min\u0151s\u00e9g-ellen\u0151rz\u00e9s \u00e9s dokument\u00e1ci\u00f3 (8-12%)<\/li>\n<li>Ut\u00f3kezel\u00e9s \u00e9s v\u00e9delem (5-10%)<\/li>\n<\/ul>\n<h3>P\u00e1ly\u00e1zati lehet\u0151s\u00e9gek 2024-2025-ben<\/h3>\n<p><strong>Eur\u00f3pai Uni\u00f3s forr\u00e1sok:<\/strong><\/p>\n<ul>\n<li>Kult\u00fara Program 2021-2027: m\u0171eml\u00e9k-meg\u0151rz\u00e9si projektek t\u00e1mogat\u00e1sa<\/li>\n<li>Region\u00e1lis Fejleszt\u00e9si Alap: \u00f6nkorm\u00e1nyzati m\u0171eml\u00e9k-fel\u00faj\u00edt\u00e1sok<\/li>\n<\/ul>\n<p><strong>Hazai forr\u00e1sok:<\/strong><\/p>\n<ul>\n<li>Bethlen G\u00e1bor Alap: kultur\u00e1lis \u00f6r\u00f6ks\u00e9g meg\u0151rz\u00e9se<\/li>\n<li>\u00d6nkorm\u00e1nyzati p\u00e1ly\u00e1zatok: helyi kultur\u00e1lis \u00e9rt\u00e9kek t\u00e1mogat\u00e1sa<\/li>\n<li>Mag\u00e1nt\u0151ke bevon\u00e1s: kultur\u00e1lis befektet\u00e9si kedvezm\u00e9nyek<\/li>\n<\/ul>\n<h2>Esettanulm\u00e1nyok: Sikeres m\u0171eml\u00e9k-tiszt\u00edt\u00e1si projektek<\/h2>\n<h3>Esztergomi Bazilika homlokzat-renov\u00e1l\u00e1sa (2023)<\/h3>\n<p>A projekt sor\u00e1n kombin\u00e1lt technol\u00f3gi\u00e1t alkalmaztak: l\u00e9zeres tiszt\u00edt\u00e1st a finom r\u00e9szletekn\u00e9l \u00e9s mikro-abraz\u00edv m\u00f3dszert a nagyobb fel\u00fcletekn\u00e9l.<\/p>\n<p><strong>Eredm\u00e9nyek:<\/strong><\/p>\n<ul>\n<li>95%-os szennyezetts\u00e9g-cs\u00f6kkent\u00e9s<\/li>\n<li>Eredeti k\u0151sz\u00edn helyre\u00e1ll\u00edt\u00e1sa<\/li>\n<li>15 \u00e9ves v\u00e9d\u0151bevonat alkalmaz\u00e1sa<\/li>\n<\/ul>\n<p><strong>Tanuls\u00e1gok:<\/strong><\/p>\n<ul>\n<li>A kombin\u00e1lt technol\u00f3gia hat\u00e9konyabb<\/li>\n<li>El\u0151zetes tesztel\u00e9s elengedhetetlen<\/li>\n<li>Dokument\u00e1ci\u00f3 kulcsfontoss\u00e1g\u00fa a j\u00f6v\u0151beli karbantart\u00e1shoz<\/li>\n<\/ul>\n<h3>Sz\u00e9chenyi f\u00fcrd\u0151 t\u00f6rt\u00e9nelmi \u00e9p\u00fclete (2024)<\/h3>\n<p>A projekt k\u00fcl\u00f6nlegess\u00e9ge a term\u00e1lv\u00edz okozta speci\u00e1lis szennyez\u0151d\u00e9sek kezel\u00e9se volt. Bio-technol\u00f3giai megold\u00e1sokat alkalmaztak a m\u00e9szlerak\u00f3d\u00e1sok elt\u00e1vol\u00edt\u00e1s\u00e1ra.<\/p>\n<p><strong>Innov\u00e1ci\u00f3k:<\/strong><\/p>\n<ul>\n<li>Speci\u00e1lis bakteriumkult\u00far\u00e1k fejleszt\u00e9se<\/li>\n<li>K\u00f6rnyezetbar\u00e1t tiszt\u00edt\u00f3szerek alkalmaz\u00e1sa<\/li>\n<li>Digit\u00e1lis monitoroz\u00f3 rendszer ki\u00e9p\u00edt\u00e9se<\/li>\n<\/ul>\n<h2>K\u00f6rnyezeti szempontok \u00e9s fenntarthat\u00f3s\u00e1g<\/h2>\n<h3><img loading=\"lazy\" decoding=\"async\" class=\" td-modal-image aligncenter wp-image-1634 size-full\" src=\"https:\/\/cleanexpert.hu\/blog\/wp-content\/uploads\/2025\/08\/Image_fx-7.png\" alt=\"Meta le\u00edr\u00e1s: Mi\u00e9rt ker\u00fcl milli\u00f3ba egy v\u00e1rfal tiszt\u00edt\u00e1sa? Fedezd fel a m\u0171eml\u00e9k \u00e9p\u00fcletek rejtett kih\u00edv\u00e1sait, a l\u00e9zeres technol\u00f3gi\u00e1kat \u00e9s az \u00f6nkorm\u00e1nyzati dilemm\u00e1kat. m\u0171eml\u00e9k \u00e9p\u00fclet tiszt\u00edt\u00e1sa\" width=\"1408\" height=\"768\" title=\"\" srcset=\"https:\/\/cleanexpert.hu\/blog\/wp-content\/uploads\/2025\/08\/Image_fx-7.png 1408w, https:\/\/cleanexpert.hu\/blog\/wp-content\/uploads\/2025\/08\/Image_fx-7-300x164.png 300w, https:\/\/cleanexpert.hu\/blog\/wp-content\/uploads\/2025\/08\/Image_fx-7-1024x559.png 1024w, https:\/\/cleanexpert.hu\/blog\/wp-content\/uploads\/2025\/08\/Image_fx-7-768x419.png 768w, https:\/\/cleanexpert.hu\/blog\/wp-content\/uploads\/2025\/08\/Image_fx-7-770x420.png 770w, https:\/\/cleanexpert.hu\/blog\/wp-content\/uploads\/2025\/08\/Image_fx-7-150x82.png 150w, https:\/\/cleanexpert.hu\/blog\/wp-content\/uploads\/2025\/08\/Image_fx-7-696x380.png 696w, https:\/\/cleanexpert.hu\/blog\/wp-content\/uploads\/2025\/08\/Image_fx-7-1068x583.png 1068w\" sizes=\"auto, (max-width: 1408px) 100vw, 1408px\" \/><\/h3>\n<h3>K\u00f6rnyezetbar\u00e1t tiszt\u00edt\u00e1si technol\u00f3gi\u00e1k<\/h3>\n<p>A 2024-es trendek egy\u00e9rtelm\u0171en a <strong>fenntarthat\u00f3 megold\u00e1sok<\/strong> ir\u00e1ny\u00e1ba mutatnak. Az EU Green Deal keret\u00e9ben jelent\u0151s hangs\u00faly ker\u00fclt a kultur\u00e1lis \u00f6r\u00f6ks\u00e9g z\u00f6ld meg\u0151rz\u00e9s\u00e9re.<\/p>\n<p><strong>Fenntarthat\u00f3 m\u00f3dszerek:<\/strong><\/p>\n<ul>\n<li>V\u00edzmentes vagy cs\u00f6kkentett v\u00edzfogyaszt\u00e1s\u00fa technol\u00f3gi\u00e1k<\/li>\n<li>Biol\u00f3giai lebonthat\u00f3 tiszt\u00edt\u00f3szerek<\/li>\n<li>Hullad\u00e9kmentes vagy minim\u00e1lis hullad\u00e9ktermel\u00e9s\u0171 elj\u00e1r\u00e1sok<\/li>\n<li>Meg\u00fajul\u00f3 energiaforr\u00e1sok haszn\u00e1lata a g\u00e9pes\u00edt\u00e9sn\u00e9l<\/li>\n<\/ul>\n<h3>Kl\u00edmav\u00e1ltoz\u00e1s hat\u00e1sai<\/h3>\n<p>A kl\u00edmav\u00e1ltoz\u00e1s \u00faj kih\u00edv\u00e1sokat hoz a m\u0171eml\u00e9k \u00e9p\u00fcletek karbantart\u00e1s\u00e1ban:<\/p>\n<ul>\n<li><strong>Sz\u00e9ls\u0151s\u00e9ges id\u0151j\u00e1r\u00e1si esem\u00e9nyek<\/strong> gyakoribb k\u00e1rokoz\u00e1sa<\/li>\n<li><strong>P\u00e1ratartalom v\u00e1ltoz\u00e1sok<\/strong> hat\u00e1sa az \u00e9p\u00edt\u0151anyagokra<\/li>\n<li><strong>Urb\u00e1n h\u0151sziget-hat\u00e1s<\/strong> fokozott degrad\u00e1ci\u00f3t okoz<\/li>\n<li><strong>L\u00e9gk\u00f6ri CO2-szint emelked\u00e9se<\/strong> gyors\u00edtja a k\u0151 karbon\u00e1tosod\u00e1s\u00e1t<\/li>\n<\/ul>\n<h2>Technol\u00f3giai innov\u00e1ci\u00f3 \u00e9s j\u00f6v\u0151beli trendek<\/h2>\n<h3>Digit\u00e1lis monitoroz\u00e1s \u00e9s predikt\u00edv karbantart\u00e1s<\/h3>\n<p>A modern technol\u00f3gia lehet\u0151v\u00e9 teszi a m\u0171eml\u00e9k \u00e9p\u00fcletek \u00e1llapot\u00e1nak <strong>folyamatos monitoroz\u00e1s\u00e1t<\/strong>. IoT szenzorok seg\u00edts\u00e9g\u00e9vel val\u00f3s id\u0151ben k\u00f6vethet\u0151:<\/p>\n<ul>\n<li>P\u00e1ratartalom \u00e9s h\u0151m\u00e9rs\u00e9klet v\u00e1ltoz\u00e1sok<\/li>\n<li>Szerkezeti elmozdul\u00e1sok<\/li>\n<li>Fel\u00fcletk\u00e1rosod\u00e1s fejl\u0151d\u00e9se<\/li>\n<li>Biol\u00f3giai aktivit\u00e1s szintje<\/li>\n<\/ul>\n<h3>Mesters\u00e9ges intelligencia alkalmaz\u00e1sa<\/h3>\n<p>Az AI technol\u00f3gia forradalmas\u00edtja a m\u0171eml\u00e9k-karbantart\u00e1st:<\/p>\n<p><strong>Alkalmaz\u00e1si ter\u00fcletek:<\/strong><\/p>\n<ul>\n<li>K\u00e9pfelismer\u00e9ssel k\u00e1rok automatikus detekt\u00e1l\u00e1sa<\/li>\n<li>Predikt\u00edv modellek a karbantart\u00e1si sz\u00fcks\u00e9gletekre<\/li>\n<li>Optim\u00e1lis tiszt\u00edt\u00e1si m\u00f3dszer kiv\u00e1laszt\u00e1sa<\/li>\n<li>K\u00f6lts\u00e9gbecsl\u00e9s automatiz\u00e1l\u00e1sa<\/li>\n<\/ul>\n<h3>Nanotechnol\u00f3giai v\u00e9d\u0151bevonatok<\/h3>\n<p>A nanotechnol\u00f3gia \u00faj lehet\u0151s\u00e9geket nyit a m\u0171eml\u00e9k \u00e9p\u00fcletek hossz\u00fa t\u00e1v\u00fa v\u00e9delm\u00e9ben:<\/p>\n<ul>\n<li><strong>Szuperhidrof\u00f3b bevonatok<\/strong> v\u00edzleperget\u0151 hat\u00e1ssal<\/li>\n<li><strong>Fotokatalitikus tit\u00e1n-dioxid<\/strong> \u00f6nmaga tiszt\u00edt\u00f3 fel\u00fcletek\u00e9rt<\/li>\n<li><strong>Antimikrobi\u00e1lis nanor\u00e9tegek<\/strong> biol\u00f3giai k\u00e1rok ellen<\/li>\n<li><strong>UV-\u00e1ll\u00f3 v\u00e9d\u0151filmek<\/strong> sz\u00ednmeg\u0151rz\u00e9s c\u00e9lj\u00e1b\u00f3l<\/li>\n<\/ul>\n<h2>Szakmai k\u00e9pz\u00e9s \u00e9s kompetenciafejleszt\u00e9s<\/h2>\n<h3><img loading=\"lazy\" decoding=\"async\" class=\" td-modal-image aligncenter wp-image-1636 size-full\" src=\"https:\/\/cleanexpert.hu\/blog\/wp-content\/uploads\/2025\/08\/Image_fx-3.png\" alt=\"Mi\u00e9rt ker\u00fcl milli\u00f3ba egy v\u00e1rfal tiszt\u00edt\u00e1sa? Fedezd fel a m\u0171eml\u00e9k \u00e9p\u00fcletek rejtett kih\u00edv\u00e1sait, a l\u00e9zeres technol\u00f3gi\u00e1kat \u00e9s az \u00f6nkorm\u00e1nyzati dilemm\u00e1kat. m\u0171eml\u00e9k \u00e9p\u00fclet tiszt\u00edt\u00e1sa\" width=\"1408\" height=\"768\" title=\"\" srcset=\"https:\/\/cleanexpert.hu\/blog\/wp-content\/uploads\/2025\/08\/Image_fx-3.png 1408w, https:\/\/cleanexpert.hu\/blog\/wp-content\/uploads\/2025\/08\/Image_fx-3-300x164.png 300w, https:\/\/cleanexpert.hu\/blog\/wp-content\/uploads\/2025\/08\/Image_fx-3-1024x559.png 1024w, https:\/\/cleanexpert.hu\/blog\/wp-content\/uploads\/2025\/08\/Image_fx-3-768x419.png 768w, https:\/\/cleanexpert.hu\/blog\/wp-content\/uploads\/2025\/08\/Image_fx-3-770x420.png 770w, https:\/\/cleanexpert.hu\/blog\/wp-content\/uploads\/2025\/08\/Image_fx-3-150x82.png 150w, https:\/\/cleanexpert.hu\/blog\/wp-content\/uploads\/2025\/08\/Image_fx-3-696x380.png 696w, https:\/\/cleanexpert.hu\/blog\/wp-content\/uploads\/2025\/08\/Image_fx-3-1068x583.png 1068w\" sizes=\"auto, (max-width: 1408px) 100vw, 1408px\" \/><\/h3>\n<h3>K\u00e9pz\u00e9si sz\u00fcks\u00e9gletek<\/h3>\n<p>A m\u0171eml\u00e9k-tiszt\u00edt\u00e1s speci\u00e1lis tud\u00e1st ig\u00e9nyl\u0151 ter\u00fclet, ahol folyamatos k\u00e9pz\u00e9s sz\u00fcks\u00e9ges:<\/p>\n<p><strong>K\u00f6telez\u0151 kompetenci\u00e1k:<\/strong><\/p>\n<ul>\n<li>\u00c9p\u00edt\u0151anyag-ismeret \u00e9s t\u00f6rt\u00e9neti technol\u00f3gi\u00e1k<\/li>\n<li>\u00d6r\u00f6ks\u00e9gv\u00e9delmi jogi ismeretek<\/li>\n<li>Modern tiszt\u00edt\u00e1si technol\u00f3gi\u00e1k kezel\u00e9se<\/li>\n<li>K\u00e1rok felismer\u00e9se \u00e9s dokument\u00e1l\u00e1sa<\/li>\n<\/ul>\n<p><strong>K\u00e9pz\u00e9si int\u00e9zm\u00e9nyek Magyarorsz\u00e1gon:<\/strong><\/p>\n<ul>\n<li>Budapesti M\u0171szaki \u00e9s Gazdas\u00e1gtudom\u00e1nyi Egyetem<\/li>\n<li>Magyar \u00c9p\u00edt\u00e9studom\u00e1nyi Egyes\u00fclet<\/li>\n<li>Forster K\u00f6zpont k\u00e9pz\u00e9si programjai<\/li>\n<\/ul>\n<h3>Min\u0151s\u00edt\u00e9si rendszerek<\/h3>\n<p>2024-t\u0151l Magyarorsz\u00e1gon is el\u00e9rhet\u0151 a <strong>European Qualification Framework<\/strong> szerinti m\u0171eml\u00e9k-restaur\u00e1tor min\u0151s\u00edt\u00e9s, amely standardiz\u00e1lja a szakmai k\u00f6vetelm\u00e9nyeket.<\/p>\n<h2>Gyakorlati \u00fatmutat\u00f3 \u00f6nkorm\u00e1nyzatok sz\u00e1m\u00e1ra<\/h2>\n<h3>1. El\u0151zetes \u00e1llapotfelm\u00e9r\u00e9s<\/h3>\n<p><strong>L\u00e9p\u00e9sek:<\/strong><\/p>\n<ol>\n<li>Szak\u00e9rt\u0151i \u00e1llapotfelm\u00e9r\u00e9s megrendel\u00e9se<\/li>\n<li>Fot\u00f3dokument\u00e1ci\u00f3 k\u00e9sz\u00edt\u00e9se<\/li>\n<li>Anyagvizsg\u00e1latok elv\u00e9gz\u00e9se<\/li>\n<li>Szennyez\u0151d\u00e9sek kategoriz\u00e1l\u00e1sa<\/li>\n<li>S\u00fcrg\u0151ss\u00e9gi rangsor fel\u00e1ll\u00edt\u00e1sa<\/li>\n<\/ol>\n<h3>2. Enged\u00e9lyez\u00e9si folyamat<\/h3>\n<p><strong>Sz\u00fcks\u00e9ges dokumentumok:<\/strong><\/p>\n<ul>\n<li>\u00c1llapotfelm\u00e9r\u00e9si jelent\u00e9s<\/li>\n<li>Tervezett beavatkoz\u00e1sok le\u00edr\u00e1sa<\/li>\n<li>Haszn\u00e1lni k\u00edv\u00e1nt technol\u00f3gi\u00e1k specifik\u00e1ci\u00f3ja<\/li>\n<li>Kivitelez\u0151 referenci\u00e1i \u00e9s min\u0151s\u00edt\u00e9sei<\/li>\n<\/ul>\n<h3>3. Besz\u00e1ll\u00edt\u00f3 kiv\u00e1laszt\u00e1s<\/h3>\n<p><strong>Kiv\u00e1laszt\u00e1si szempontok:<\/strong><\/p>\n<ul>\n<li>M\u0171eml\u00e9k-tiszt\u00edt\u00e1si referenci\u00e1k<\/li>\n<li>Technol\u00f3giai felszerelts\u00e9g<\/li>\n<li>Biztos\u00edt\u00e1si fedezet<\/li>\n<li>Szakmai min\u0151s\u00edt\u00e9sek<\/li>\n<\/ul>\n<h3>4. Projekt menedzsment<\/h3>\n<p><strong>Kulcs tev\u00e9kenys\u00e9gek:<\/strong><\/p>\n<ul>\n<li>M\u00e9rf\u00f6ldk\u00f6vek meghat\u00e1roz\u00e1sa<\/li>\n<li>Min\u0151s\u00e9gi kontrollpontok<\/li>\n<li>Dokument\u00e1ci\u00f3s k\u00f6vetelm\u00e9nyek<\/li>\n<li>Kommunik\u00e1ci\u00f3s terv<\/li>\n<\/ul>\n<h2>K\u00f6lts\u00e9g-haszon elemz\u00e9s: Befektet\u00e9s vagy k\u00e9nyszer?<\/h2>\n<h3>Gazdas\u00e1gi el\u0151ny\u00f6k<\/h3>\n<p>A m\u0171eml\u00e9k \u00e9p\u00fcletek megfelel\u0151 karbantart\u00e1sa nemcsak k\u00f6telezetts\u00e9g, hanem <strong>gazdas\u00e1gi befektet\u00e9s<\/strong> is:<\/p>\n<p><strong>Direkt hasznok:<\/strong><\/p>\n<ul>\n<li>Ingatlan\u00e9rt\u00e9k n\u00f6veked\u00e9s (15-25%)<\/li>\n<li>Energiahat\u00e9konys\u00e1g javul\u00e1sa<\/li>\n<li>Karbantart\u00e1si k\u00f6lts\u00e9gek cs\u00f6kken\u00e9se<\/li>\n<li>Biztos\u00edt\u00e1si d\u00edjak m\u00e9rs\u00e9kl\u00e9se<\/li>\n<\/ul>\n<p><strong>Indirekt hasznok:<\/strong><\/p>\n<ul>\n<li>Turizmus \u00f6szt\u00f6nz\u00e9se<\/li>\n<li>V\u00e1rosr\u00e9sz fel\u00e9rt\u00e9kel\u0151d\u00e9se<\/li>\n<li>Kultur\u00e1lis identit\u00e1s er\u0151s\u00edt\u00e9se<\/li>\n<li>EU-s forr\u00e1sok el\u00e9rhet\u0151s\u00e9ge<\/li>\n<\/ul>\n<h3>ROI sz\u00e1m\u00edt\u00e1s<\/h3>\n<p>Egy tipikus m\u0171eml\u00e9k-tiszt\u00edt\u00e1si projekt <strong>megt\u00e9r\u00fcl\u00e9se 8-12 \u00e9v<\/strong> k\u00f6z\u00f6tt v\u00e1rhat\u00f3, figyelembe v\u00e9ve:<\/p>\n<ul>\n<li>Energiamegtakar\u00edt\u00e1s (\u00e1tlag 15-20%)<\/li>\n<li>Karbantart\u00e1si k\u00f6lts\u00e9gek cs\u00f6kkent\u00e9se (30-40%)<\/li>\n<li>Ingatlan\u00e9rt\u00e9k n\u00f6veked\u00e9s (15-25%)<\/li>\n<li>P\u00e1ly\u00e1zati forr\u00e1sok el\u00e9rhet\u0151s\u00e9ge<\/li>\n<\/ul>\n<h2>Gyakran ism\u00e9telt k\u00e9rd\u00e9sek (GYIK)<\/h2>\n<h3>Milyen gyakran sz\u00fcks\u00e9ges m\u0171eml\u00e9k \u00e9p\u00fclet tiszt\u00edt\u00e1sa?<\/h3>\n<p>A tiszt\u00edt\u00e1si gyakoris\u00e1g f\u00fcgg a helysz\u00ednt\u0151l, k\u00f6rnyezeti t\u00e9nyez\u0151kt\u0151l \u00e9s az \u00e9p\u00fclet \u00e1llapot\u00e1t\u00f3l. <strong>\u00c1ltal\u00e1nos aj\u00e1nl\u00e1s:<\/strong> v\u00e1rosi k\u00f6rnyezetben 8-12 \u00e9vente, vid\u00e9ki ter\u00fcleten 12-18 \u00e9vente. Azonban \u00e9vente sz\u00fcks\u00e9ges szak\u00e9rt\u0151i \u00e1llapotfelm\u00e9r\u00e9s.<\/p>\n<h3>Mennyi id\u0151t vesz ig\u00e9nybe egy \u00e1tlagos m\u0171eml\u00e9k-tiszt\u00edt\u00e1si projekt?<\/h3>\n<p>Egy \u00e1tlagos 500 m\u00b2 homlokzatfel\u00fclet tiszt\u00edt\u00e1sa <strong>6-12 h\u00e9t<\/strong> id\u0151tartamot ig\u00e9nyel, bele\u00e9rtve az el\u0151k\u00e9sz\u00edt\u00e9st, enged\u00e9lyez\u00e9st \u00e9s a t\u00e9nyleges tiszt\u00edt\u00e1si munk\u00e1latokat. Az id\u0151tartam f\u00fcgg a v\u00e1lasztott technol\u00f3gi\u00e1t\u00f3l \u00e9s az id\u0151j\u00e1r\u00e1si viszonyokt\u00f3l.<\/p>\n<h3>Lehet-e h\u00e1zilag v\u00e9gezni m\u0171eml\u00e9k \u00e9p\u00fclet tiszt\u00edt\u00e1s\u00e1t?<\/h3>\n<p><strong>Hat\u00e1rozottan nem aj\u00e1nlott.<\/strong> A m\u0171eml\u00e9k \u00e9p\u00fcletek tiszt\u00edt\u00e1sa speci\u00e1lis szak\u00e9rtelmet, enged\u00e9lyeket \u00e9s technol\u00f3gi\u00e1t ig\u00e9nyel. Nem megfelel\u0151 beavatkoz\u00e1s visszaford\u00edthatatlan k\u00e1rokat okozhat \u00e9s jogi k\u00f6vetkezm\u00e9nyekkel j\u00e1rhat.<\/p>\n<h3>Milyen biztos\u00edt\u00e1s sz\u00fcks\u00e9ges m\u0171eml\u00e9k-tiszt\u00edt\u00e1si munk\u00e1latokhoz?<\/h3>\n<p>A kivitelez\u0151nek minimum <strong>50 milli\u00f3 forintos felel\u0151ss\u00e9gbiztos\u00edt\u00e1ssal<\/strong> kell rendelkeznie. Aj\u00e1nlott a munk\u00e1latok idej\u00e9re k\u00fcl\u00f6n minden kock\u00e1zatra kiterjed\u0151 biztos\u00edt\u00e1s k\u00f6t\u00e9se, amely fedezi a m\u0171t\u00e1rgyak \u00e9s t\u00f6rt\u00e9nelmi \u00e9rt\u00e9kek k\u00e1rosod\u00e1s\u00e1t is.<\/p>\n<h3>Van-e lehet\u0151s\u00e9g \u00f6nkorm\u00e1nyzati t\u00e1rsul\u00e1sban v\u00e9gezni a munk\u00e1latokat?<\/h3>\n<p>Igen, <strong>\u00f6nkorm\u00e1nyzati t\u00e1rsul\u00e1s<\/strong> gazdas\u00e1gilag el\u0151ny\u00f6s lehet. K\u00f6z\u00f6s k\u00f6zbeszerz\u00e9s r\u00e9v\u00e9n kedvez\u0151bb \u00e1rak \u00e9rhet\u0151k el, \u00e9s lehet\u0151s\u00e9g van k\u00f6z\u00f6s szak\u00e9rt\u0151i kapacit\u00e1sok ki\u00e9p\u00edt\u00e9s\u00e9re. T\u00f6bb telep\u00fcl\u00e9s m\u00e1r alkalmazza ezt a modellt sikeresen.<\/p>\n<h2>\u00d6sszefoglal\u00e1s \u00e9s k\u00f6vetkez\u0151 l\u00e9p\u00e9sek<\/h2>\n<p>A m\u0171eml\u00e9k \u00e9p\u00fcletek tiszt\u00edt\u00e1sa komplex, t\u00f6bbdiszciplin\u00e1ris feladat, amely \u00f6tv\u00f6zi a t\u00f6rt\u00e9nelmi tud\u00e1st, modern technol\u00f3gi\u00e1t \u00e9s jogi szak\u00e9rtelmet. Az \u00f6nkorm\u00e1nyzatok sz\u00e1m\u00e1ra ez egyszerre jelent kih\u00edv\u00e1st \u00e9s lehet\u0151s\u00e9get.<\/p>\n<p><strong>Kulcs tanuls\u00e1gok:<\/strong><\/p>\n<ul>\n<li>El\u0151zetes tervez\u00e9s \u00e9s szak\u00e9rt\u0151i \u00e1llapotfelm\u00e9r\u00e9s elengedhetetlen<\/li>\n<li>Modern technol\u00f3gi\u00e1k alkalmaz\u00e1sa k\u00f6lts\u00e9ghat\u00e9kony \u00e9s k\u00f6rnyezetbar\u00e1t megold\u00e1st ny\u00fajt<\/li>\n<li>P\u00e1ly\u00e1zati forr\u00e1sok jelent\u0151sen cs\u00f6kkenthetik a megval\u00f3s\u00edt\u00e1si k\u00f6lts\u00e9geket<\/li>\n<li>Megfelel\u0151 karbantart\u00e1s hossz\u00fa t\u00e1von gazdas\u00e1gi el\u0151ny\u00f6kkel j\u00e1r<\/li>\n<\/ul>\n<p><strong>Aj\u00e1nlott k\u00f6vetkez\u0151 l\u00e9p\u00e9sek:<\/strong><\/p>\n<ol>\n<li><strong>\u00c1llapotfelm\u00e9r\u00e9s megrendel\u00e9se<\/strong> szak\u00e9rt\u0151t\u0151l<\/li>\n<li><strong>K\u00f6lts\u00e9gvet\u00e9s tervez\u00e9se<\/strong> a sz\u00fcks\u00e9ges beavatkoz\u00e1sokra<\/li>\n<li><strong>P\u00e1ly\u00e1zati lehet\u0151s\u00e9gek felt\u00e9rk\u00e9pez\u00e9se<\/strong><\/li>\n<li><strong>Szakmai kapcsolatok ki\u00e9p\u00edt\u00e9se<\/strong> referenci\u00e1kkal rendelkez\u0151 kivitelez\u0151kkel<\/li>\n<li><strong>Hossz\u00fa t\u00e1v\u00fa karbantart\u00e1si strat\u00e9gia<\/strong> kidolgoz\u00e1sa<\/li>\n<\/ol>\n<p>A kultur\u00e1lis \u00f6r\u00f6ks\u00e9g meg\u0151rz\u00e9se k\u00f6z\u00f6s felel\u0151ss\u00e9g\u00fcnk. A megfelel\u0151 szak\u00e9rtelemmel \u00e9s technol\u00f3gi\u00e1val nemcsak meg\u0151rizhetj\u00fck m\u00faltunkat, hanem \u00e9rt\u00e9ket is teremthet\u00fcnk a j\u00f6v\u0151 gener\u00e1ci\u00f3i sz\u00e1m\u00e1ra.<\/p>\n<hr \/>\n<h2>Hivatkoz\u00e1sok<\/h2>\n<p>Bethlen, K. &amp; Nagy, A. (2024, m\u00e1rcius 15). M\u0171eml\u00e9k-restaur\u00e1l\u00e1si technol\u00f3gi\u00e1k fejl\u0151d\u00e9se Magyarorsz\u00e1gon. <em>Magyar \u00c9p\u00edt\u00e9studom\u00e1ny<\/em>, 76(2), 45-62.<\/p>\n<p>Eur\u00f3pai Kultur\u00e1lis \u00d6r\u00f6ks\u00e9g Szervezet. (2024). <em>Heritage Conservation Technology Report 2024<\/em>. Heritage Europe Publications.<\/p>\n<p>\u00c9p\u00edt\u00e9si \u00e9s K\u00f6zleked\u00e9si Miniszt\u00e9rium. (2024). <em>\u00d6r\u00f6ks\u00e9gv\u00e9delmi feladatok \u00e9s hat\u00e1sk\u00f6r\u00f6k<\/em>. <a href=\"https:\/\/oroksegvedelem.kormany.hu\/\" target=\"_blank\" rel=\"noopener\">https:\/\/oroksegvedelem.kormany.hu\/<\/a><\/p>\n<p>Kov\u00e1cs, M., Szab\u00f3, P., &amp; T\u00f3th, L. (2024). Nanobevonatok alkalmaz\u00e1sa m\u0171eml\u00e9k \u00e9p\u00fcletek v\u00e9delm\u00e9ben. <em>\u00c9p\u00edt\u0151anyag<\/em>, 76(1), 12-18.<\/p>\n<p>Magyar Tudom\u00e1nyos Akad\u00e9mia \u00c9p\u00edt\u00e9szett\u00f6rt\u00e9neti \u00e9s M\u0171eml\u00e9ki Bizotts\u00e1g. (2023). <em>M\u0171eml\u00e9kek \u00e1llapotfelm\u00e9r\u00e9se \u00e9s karbantart\u00e1sa &#8211; M\u00f3dszertani \u00fatmutat\u00f3<\/em>. Akad\u00e9miai Kiad\u00f3.<\/p>\n<p>Nemzeti Kultur\u00e1lis Alap. (2024). <em>P\u00e1ly\u00e1zati ki\u00edr\u00e1sok kultur\u00e1lis \u00f6r\u00f6ks\u00e9g meg\u0151rz\u00e9s\u00e9re<\/em>. <a href=\"https:\/\/www.nka.hu\/palyazatok\/muemlek-2024\" target=\"_blank\" rel=\"noopener\">https:\/\/www.nka.hu\/palyazatok\/muemlek-2024<\/a><\/p>\n<p>P\u00e1lmai, R. (2024, augusztus 10). Biol\u00f3giai tiszt\u00edt\u00e1si m\u00f3dszerek alkalmaz\u00e1sa t\u00f6rt\u00e9nelmi \u00e9p\u00fcleteken. <em>M\u0171eml\u00e9kv\u00e9delem<\/em>, 68(4), 201-215.<\/p>\n<p>Varga, S. &amp; Kiss, E. (2024). Kl\u00edmav\u00e1ltoz\u00e1s hat\u00e1sai a m\u0171eml\u00e9k \u00e9p\u00fcletekre: Kih\u00edv\u00e1sok \u00e9s megold\u00e1sok. <em>\u00c9p\u00edt\u00e9s- \u00c9p\u00edt\u00e9szettudom\u00e1ny<\/em>, 52(1-2), 89-106.<\/p>\n","protected":false},"excerpt":{"rendered":"<p>Gyors v\u00e1lasz: M\u0171eml\u00e9k \u00e9p\u00fcletek tiszt\u00edt\u00e1sa mik a legnagyobb kih\u00edv\u00e1sok? A m\u0171eml\u00e9k \u00e9p\u00fcletek tiszt\u00edt\u00e1s\u00e1nak legnagyobb kih\u00edv\u00e1sa a t\u00f6rt\u00e9nelmi \u00e9rt\u00e9kek meg\u0151rz\u00e9se \u00e9s a modern tiszt\u00edt\u00e1si technol\u00f3gi\u00e1k k\u00f6z\u00f6tti egyens\u00faly megteremt\u00e9se. A speci\u00e1lis anyagok, \u00e9vsz\u00e1zados szennyez\u0151d\u00e9sek \u00e9s szigor\u00fa \u00f6r\u00f6ks\u00e9gv\u00e9delmi el\u0151\u00edr\u00e1sok olyan komplex feladatot jelentenek, amely speci\u00e1lis szak\u00e9rtelmet \u00e9s technol\u00f3gi\u00e1t ig\u00e9nyel. F\u0151 t\u00e9m\u00e1k \u00e1ttekint\u00e9se: K\u00fcl\u00f6nleges anyagok \u00e9s tiszt\u00edt\u00e1si kih\u00edv\u00e1sok &#8211; [&hellip;]<\/p>\n","protected":false},"author":5,"featured_media":1598,"comment_status":"closed","ping_status":"closed","sticky":false,"template":"","format":"standard","meta":{"inline_featured_image":false,"footnotes":"","_wp_rev_ctl_limit":""},"categories":[128,113,124,103,127],"tags":[73,86,87,77,85,83,88,82,79,71,72,74,69,84,76,70,75,81,80,78],"class_list":{"0":"post-1592","1":"post","2":"type-post","3":"status-publish","4":"format-standard","5":"has-post-thumbnail","7":"category-beton-ko-fem-felulet","8":"category-homlokzattisztitas-kulteri-epulet","9":"category-kornyezetbarat-haccp","10":"category-muemlekvedelem-es-karbantartas","11":"category-onkormanyzat-kozintezmeny","12":"tag-biologiai-tisztitas","13":"tag-digitalis-monitorozas","14":"tag-epiteszeti-orokseg","15":"tag-epuletkarbantartas","16":"tag-eu-palyazatok","17":"tag-fenntarthato-megoldasok","18":"tag-karbantartasi-strategia","19":"tag-klimavaltozas-hatasa","20":"tag-kulturalis-orokseg","21":"tag-lezeres-tisztitas","22":"tag-mikro-abraziv-technologia","23":"tag-muemlek-restauralas","24":"tag-muemlek-tisztitas","25":"tag-nanotechnologia","26":"tag-onkormanyzati-feladatok","27":"tag-oroksegvedelem","28":"tag-oroksegvedelmi-szabalyozas","29":"tag-restauralasi-koltsegek","30":"tag-tisztitasi-technologiak","31":"tag-tortenelmi-epuletek"},"_links":{"self":[{"href":"https:\/\/cleanexpert.hu\/blog\/wp-json\/wp\/v2\/posts\/1592","targetHints":{"allow":["GET"]}}],"collection":[{"href":"https:\/\/cleanexpert.hu\/blog\/wp-json\/wp\/v2\/posts"}],"about":[{"href":"https:\/\/cleanexpert.hu\/blog\/wp-json\/wp\/v2\/types\/post"}],"author":[{"embeddable":true,"href":"https:\/\/cleanexpert.hu\/blog\/wp-json\/wp\/v2\/users\/5"}],"replies":[{"embeddable":true,"href":"https:\/\/cleanexpert.hu\/blog\/wp-json\/wp\/v2\/comments?post=1592"}],"version-history":[{"count":1,"href":"https:\/\/cleanexpert.hu\/blog\/wp-json\/wp\/v2\/posts\/1592\/revisions"}],"predecessor-version":[{"id":1652,"href":"https:\/\/cleanexpert.hu\/blog\/wp-json\/wp\/v2\/posts\/1592\/revisions\/1652"}],"wp:featuredmedia":[{"embeddable":true,"href":"https:\/\/cleanexpert.hu\/blog\/wp-json\/wp\/v2\/media\/1598"}],"wp:attachment":[{"href":"https:\/\/cleanexpert.hu\/blog\/wp-json\/wp\/v2\/media?parent=1592"}],"wp:term":[{"taxonomy":"category","embeddable":true,"href":"https:\/\/cleanexpert.hu\/blog\/wp-json\/wp\/v2\/categories?post=1592"},{"taxonomy":"post_tag","embeddable":true,"href":"https:\/\/cleanexpert.hu\/blog\/wp-json\/wp\/v2\/tags?post=1592"}],"curies":[{"name":"wp","href":"https:\/\/api.w.org\/{rel}","templated":true}]}}