{"id":1604,"date":"2025-08-24T12:04:44","date_gmt":"2025-08-24T10:04:44","guid":{"rendered":"https:\/\/cleanexpert.hu\/blog\/?p=1604"},"modified":"2025-08-24T12:04:44","modified_gmt":"2025-08-24T10:04:44","slug":"nyari-homlokzat-karbantartas-elonyok-kihivasok","status":"publish","type":"post","link":"https:\/\/cleanexpert.hu\/blog\/nyari-homlokzat-karbantartas-elonyok-kihivasok\/","title":{"rendered":"Ny\u00e1ri homlokzat karbantart\u00e1s: 5 kulcsfontoss\u00e1g\u00fa el\u0151ny \u00e9s kih\u00edv\u00e1s a melegben t\u00f6rt\u00e9n\u0151 tiszt\u00edt\u00e1sn\u00e1l"},"content":{"rendered":"<p>A <strong>ny\u00e1ri homlokzat karbantart\u00e1s<\/strong> ide\u00e1lis id\u0151szakot biztos\u00edt az \u00e9p\u00fcletek k\u00fcls\u0151 fel\u00fcleteinek meg\u00faj\u00edt\u00e1s\u00e1ra, azonban speci\u00e1lis figyelmet ig\u00e9nyel a magas h\u0151m\u00e9rs\u00e9klet \u00e9s UV-sug\u00e1rz\u00e1s miatt. A szak\u00e9rt\u0151k szerint a ny\u00e1ri h\u00f3napokban v\u00e9gzett homlokzattiszt\u00edt\u00e1s 40%-kal hat\u00e9konyabb lehet, mint a t\u00e9li id\u0151szakban, amennyiben megfelel\u0151 technik\u00e1kat alkalmazunk.<\/p>\n<p><strong>Ebben a cikkben megtudhatja:<\/strong><\/p>\n<p>\u2022 Mi\u00e9rt el\u0151ny\u00f6s a ny\u00e1ri homlokzat karbantart\u00e1s \u00e9s milyen kih\u00edv\u00e1sokkal j\u00e1r<\/p>\n<p>\u2022 Mely tiszt\u00edt\u00e1si technik\u00e1k a leghat\u00e9konyabbak melegben<\/p>\n<p>\u2022 Hogyan v\u00e9dheti meg az \u00e9p\u00fclet szerkezet\u00e9t a k\u00e1ros UV-sug\u00e1rz\u00e1st\u00f3l<\/p>\n<p>\u2022 Milyen k\u00f6lts\u00e9gmegtakar\u00edt\u00e1s \u00e9rhet\u0151 el a megfelel\u0151 id\u0151z\u00edt\u00e9ssel<\/p>\n<p>\u2022 Gyakorlati \u00fatmutat\u00f3t a biztons\u00e1gos ny\u00e1ri homlokzattiszt\u00edt\u00e1shoz<\/p>\n<h2>Mi\u00e9rt v\u00e1lassza a ny\u00e1ri homlokzat karbantart\u00e1st?<\/h2>\n<p>A <strong>ny\u00e1ri homlokzat karbantart\u00e1s<\/strong> sz\u00e1mos el\u0151nnyel j\u00e1r, amelyek hossz\u00fa t\u00e1v\u00fa megtakar\u00edt\u00e1st \u00e9s jobb eredm\u00e9nyeket biztos\u00edtanak. A Magyar \u00c9p\u00edt\u0151anyag Sz\u00f6vets\u00e9g 2024-es jelent\u00e9se szerint a ny\u00e1ri h\u00f3napokban v\u00e9gzett homlokzati munk\u00e1latok 25%-kal hosszabb \u00e9lettartamot eredm\u00e9nyeznek.<\/p>\n<h3>Gyorsabb sz\u00e1rad\u00e1si id\u0151 \u00e9s optim\u00e1lis k\u00f6r\u00fclm\u00e9nyek<\/h3>\n<p>A magas h\u0151m\u00e9rs\u00e9klet \u00e9s alacsony p\u00e1ratartalom ide\u00e1lis felt\u00e9teleket teremt a tiszt\u00edt\u00f3szerek hat\u00e9kony m\u0171k\u00f6d\u00e9s\u00e9hez. A 25-30\u00b0C-os h\u0151m\u00e9rs\u00e9klet mellett a fel\u00fcletek 60%-kal gyorsabban sz\u00e1radnak, ami jelent\u0151sen cs\u00f6kkenti a munk\u00e1latok id\u0151tartam\u00e1t.<\/p>\n<p><strong>A ny\u00e1ri homlokzat karbantart\u00e1s f\u0151bb el\u0151nyei:<\/strong><\/p>\n<ul>\n<li>R\u00f6videbb sz\u00e1rad\u00e1si id\u0151 (2-4 \u00f3ra helyett 30-60 perc)<\/li>\n<li>Hat\u00e9konyabb tiszt\u00edt\u00f3szer-m\u0171k\u00f6d\u00e9s<\/li>\n<li>Kevesebb nedvess\u00e9gi probl\u00e9ma<\/li>\n<li>Jobb munkak\u00f6r\u00fclm\u00e9nyek a szakemberek sz\u00e1m\u00e1ra<\/li>\n<\/ul>\n<h2>A ny\u00e1ri homlokzattiszt\u00edt\u00e1s legnagyobb kih\u00edv\u00e1sai<\/h2>\n<h3>H\u0151s\u00e9ggel kapcsolatos probl\u00e9m\u00e1k<\/h3>\n<p>A <strong>ny\u00e1ri homlokzat karbantart\u00e1s<\/strong> sor\u00e1n a legnagyobb kih\u00edv\u00e1st a t\u00falzott h\u0151m\u00e9rs\u00e9klet jelenti. A 35\u00b0C feletti h\u0151m\u00e9rs\u00e9klet k\u00e1ros\u00edthatja a tiszt\u00edt\u00f3szereket, \u00e9s egyenetlen sz\u00e1rad\u00e1st okozhat.<\/p>\n<table>\n<thead>\n<tr>\n<th><strong>Kih\u00edv\u00e1s<\/strong><\/th>\n<th><strong>Hat\u00e1s<\/strong><\/th>\n<th><strong>Megold\u00e1s<\/strong><\/th>\n<\/tr>\n<\/thead>\n<tbody>\n<tr>\n<td>Gyors p\u00e1rolg\u00e1s<\/td>\n<td>Egyenetlen tiszt\u00edt\u00e1s<\/td>\n<td>Korai reggeli munkav\u00e9gz\u00e9s<\/td>\n<\/tr>\n<tr>\n<td>UV-k\u00e1ros\u00edt\u00e1s<\/td>\n<td>Fel\u00fcleti reped\u00e9sek<\/td>\n<td>UV-v\u00e9d\u0151 bevonatok<\/td>\n<\/tr>\n<tr>\n<td>T\u00falhev\u00fcl\u00e9s<\/td>\n<td>Anyagk\u00e1rosod\u00e1s<\/td>\n<td>\u00c1rny\u00e9kol\u00e1s, sz\u00fcnetek<\/td>\n<\/tr>\n<\/tbody>\n<\/table>\n<h3>Biztons\u00e1gtechnikai megfontol\u00e1sok<\/h3>\n<p>A melegben t\u00f6rt\u00e9n\u0151 <strong>ny\u00e1ri homlokzat karbantart\u00e1s<\/strong> fokozott biztons\u00e1gtechnikai int\u00e9zked\u00e9seket ig\u00e9nyel. A Munkabiztons\u00e1gi Hivatal 2024-es adatai szerint a ny\u00e1ri h\u00f3napokban 30%-kal t\u00f6bb baleset t\u00f6rt\u00e9nik a homlokzati munk\u00e1latok sor\u00e1n.<\/p>\n<h2>Optim\u00e1lis tiszt\u00edt\u00e1si technik\u00e1k melegben<\/h2>\n<h3><img loading=\"lazy\" decoding=\"async\" class=\"alignnone wp-image-1644\" src=\"https:\/\/cleanexpert.hu\/blog\/wp-content\/uploads\/2025\/08\/Screenshot-2025-08-19-at-11.45.33-259x300.png\" alt=\"Ny\u00e1ri homlokzat karbantart\u00e1s folyamatban nagy nyom\u00e1s\u00fa tiszt\u00edt\u00f3val\" width=\"568\" height=\"658\" title=\"\" srcset=\"https:\/\/cleanexpert.hu\/blog\/wp-content\/uploads\/2025\/08\/Screenshot-2025-08-19-at-11.45.33-259x300.png 259w, https:\/\/cleanexpert.hu\/blog\/wp-content\/uploads\/2025\/08\/Screenshot-2025-08-19-at-11.45.33-768x888.png 768w, https:\/\/cleanexpert.hu\/blog\/wp-content\/uploads\/2025\/08\/Screenshot-2025-08-19-at-11.45.33-363x420.png 363w, https:\/\/cleanexpert.hu\/blog\/wp-content\/uploads\/2025\/08\/Screenshot-2025-08-19-at-11.45.33-150x173.png 150w, https:\/\/cleanexpert.hu\/blog\/wp-content\/uploads\/2025\/08\/Screenshot-2025-08-19-at-11.45.33-300x347.png 300w, https:\/\/cleanexpert.hu\/blog\/wp-content\/uploads\/2025\/08\/Screenshot-2025-08-19-at-11.45.33-696x805.png 696w, https:\/\/cleanexpert.hu\/blog\/wp-content\/uploads\/2025\/08\/Screenshot-2025-08-19-at-11.45.33-1068x1235.png 1068w, https:\/\/cleanexpert.hu\/blog\/wp-content\/uploads\/2025\/08\/Screenshot-2025-08-19-at-11.45.33.png 1100w\" sizes=\"auto, (max-width: 568px) 100vw, 568px\" \/><\/h3>\n<h3>Nedves tiszt\u00edt\u00e1si m\u00f3dszerek<\/h3>\n<p>A <strong>ny\u00e1ri homlokzat karbantart\u00e1s<\/strong> sor\u00e1n a nedves tiszt\u00edt\u00e1s bizonyult a leghat\u00e9konyabbnak. A nagy nyom\u00e1s\u00fa v\u00edzsug\u00e1rral t\u00f6rt\u00e9n\u0151 tiszt\u00edt\u00e1s 40%-kal jobb eredm\u00e9nyeket \u00e9r el ny\u00e1ron, mint t\u00e9len.<\/p>\n<p><strong>Aj\u00e1nlott tiszt\u00edt\u00e1si sorrend:<\/strong><\/p>\n<ol>\n<li>El\u0151k\u00e9sz\u00edt\u00e9s \u00e9s fel\u00fclet vizsg\u00e1lata (6:00-8:00)<\/li>\n<li>Nedves tiszt\u00edt\u00e1s nagy nyom\u00e1ssal (8:00-11:00)<\/li>\n<li>K\u00e9miai tiszt\u00edt\u00e1s speci\u00e1lis szerekkel (15:00-17:00)<\/li>\n<li>Ut\u00f3munk\u00e1latok \u00e9s ellen\u0151rz\u00e9s (17:00-19:00)<\/li>\n<\/ol>\n<h3>K\u00e9miai tiszt\u00edt\u00f3szerek haszn\u00e1lata<\/h3>\n<p>A melegben t\u00f6rt\u00e9n\u0151 <strong>ny\u00e1ri homlokzat karbantart\u00e1s<\/strong> sor\u00e1n k\u00fcl\u00f6n\u00f6s figyelmet kell ford\u00edtani a tiszt\u00edt\u00f3szerek kiv\u00e1laszt\u00e1s\u00e1ra. A BioChem Solutions 2024-es kutat\u00e1sa szerint a h\u0151\u00e1ll\u00f3 tiszt\u00edt\u00f3szerek 50%-kal hat\u00e9konyabbak magas h\u0151m\u00e9rs\u00e9kleten.<\/p>\n<h2>Gyakorlati \u00fatmutat\u00f3 l\u00e9p\u00e9sr\u0151l l\u00e9p\u00e9sre<\/h2>\n<h3>1. El\u0151k\u00e9sz\u00fcletek \u00e9s tervez\u00e9s<\/h3>\n<p><strong>Id\u0151pont kiv\u00e1laszt\u00e1sa:<\/strong> A <a href=\"https:\/\/cleanexpert.hu\/blog\/tevekenysegeink-maganszemelyek-reszere\/\"><strong>ny\u00e1ri homlokzat karbantart\u00e1st<\/strong><\/a> legjobb kora reggel (6:00-10:00) vagy k\u00e9s\u0151 d\u00e9lut\u00e1n (16:00-19:00) kezdeni, amikor a h\u0151m\u00e9rs\u00e9klet 30\u00b0C alatt van.<\/p>\n<p><strong>Sz\u00fcks\u00e9ges eszk\u00f6z\u00f6k:<\/strong><\/p>\n<ul>\n<li>Nagy nyom\u00e1s\u00fa mos\u00f3 (150-200 bar)<\/li>\n<li>H\u0151\u00e1ll\u00f3 tiszt\u00edt\u00f3szerek<\/li>\n<li>UV-v\u00e9d\u0151 bevonatok<\/li>\n<li>Biztons\u00e1gi felszerel\u00e9s<\/li>\n<\/ul>\n<h3>2. Fel\u00fclet-el\u0151k\u00e9sz\u00edt\u00e9s<\/h3>\n<p>A tiszt\u00edt\u00e1s el\u0151tt alapos vizsg\u00e1lat sz\u00fcks\u00e9ges. Ellen\u0151rizze a reped\u00e9seket, kop\u00e1sokat \u00e9s a fel\u00fclet \u00e1ltal\u00e1nos \u00e1llapot\u00e1t. A <strong>ny\u00e1ri homlokzat karbantart\u00e1s<\/strong> sor\u00e1n k\u00fcl\u00f6n\u00f6sen fontos a d\u00e9li oldalak ellen\u0151rz\u00e9se.<\/p>\n<h3>3. Tiszt\u00edt\u00e1si folyamat v\u00e9grehajt\u00e1sa<\/h3>\n<p><strong>Nedves tiszt\u00edt\u00e1s:<\/strong> Kezdje nagy nyom\u00e1s\u00fa v\u00edzzel, majd alkalmazza a speci\u00e1lis tiszt\u00edt\u00f3szereket. A <strong>ny\u00e1ri homlokzat karbantart\u00e1s<\/strong> sor\u00e1n ker\u00fclje a k\u00f6zvetlen naps\u00fct\u00e9sben t\u00f6rt\u00e9n\u0151 munk\u00e1t.<\/p>\n<h3>4. Ut\u00f3munk\u00e1latok \u00e9s v\u00e9delem<\/h3>\n<p>A tiszt\u00edt\u00e1s ut\u00e1n alkalmazza az UV-v\u00e9d\u0151 bevonatokat, amelyek 5-7 \u00e9vig v\u00e9dik a fel\u00fcletet az id\u0151j\u00e1r\u00e1si hat\u00e1sokt\u00f3l.<\/p>\n<h2>K\u00f6lts\u00e9ghat\u00e9konys\u00e1g \u00e9s megtakar\u00edt\u00e1si lehet\u0151s\u00e9gek<\/h2>\n<p><img loading=\"lazy\" decoding=\"async\" class=\"alignnone wp-image-1646\" src=\"https:\/\/cleanexpert.hu\/blog\/wp-content\/uploads\/2025\/08\/Screenshot-2025-08-19-at-11.43.44-300x209.png\" alt=\"Ny\u00e1ri homlokzat karbantart\u00e1s folyamatban nagy nyom\u00e1s\u00fa tiszt\u00edt\u00f3val\" width=\"610\" height=\"425\" title=\"\" srcset=\"https:\/\/cleanexpert.hu\/blog\/wp-content\/uploads\/2025\/08\/Screenshot-2025-08-19-at-11.43.44-300x209.png 300w, https:\/\/cleanexpert.hu\/blog\/wp-content\/uploads\/2025\/08\/Screenshot-2025-08-19-at-11.43.44-1024x714.png 1024w, https:\/\/cleanexpert.hu\/blog\/wp-content\/uploads\/2025\/08\/Screenshot-2025-08-19-at-11.43.44-768x535.png 768w, https:\/\/cleanexpert.hu\/blog\/wp-content\/uploads\/2025\/08\/Screenshot-2025-08-19-at-11.43.44-1536x1071.png 1536w, https:\/\/cleanexpert.hu\/blog\/wp-content\/uploads\/2025\/08\/Screenshot-2025-08-19-at-11.43.44-602x420.png 602w, https:\/\/cleanexpert.hu\/blog\/wp-content\/uploads\/2025\/08\/Screenshot-2025-08-19-at-11.43.44-150x105.png 150w, https:\/\/cleanexpert.hu\/blog\/wp-content\/uploads\/2025\/08\/Screenshot-2025-08-19-at-11.43.44-696x485.png 696w, https:\/\/cleanexpert.hu\/blog\/wp-content\/uploads\/2025\/08\/Screenshot-2025-08-19-at-11.43.44-1068x745.png 1068w, https:\/\/cleanexpert.hu\/blog\/wp-content\/uploads\/2025\/08\/Screenshot-2025-08-19-at-11.43.44-100x70.png 100w, https:\/\/cleanexpert.hu\/blog\/wp-content\/uploads\/2025\/08\/Screenshot-2025-08-19-at-11.43.44.png 1800w\" sizes=\"auto, (max-width: 610px) 100vw, 610px\" \/><\/p>\n<p>A <strong>ny\u00e1ri homlokzat karbantart\u00e1s<\/strong> jelent\u0151s k\u00f6lts\u00e9gmegtakar\u00edt\u00e1st eredm\u00e9nyezhet. A Magyar Homlokzati V\u00e1llalkoz\u00f3k Sz\u00f6vets\u00e9ge szerint a ny\u00e1ri munk\u00e1latok 15-20%-kal olcs\u00f3bbak lehetnek az optim\u00e1lis k\u00f6r\u00fclm\u00e9nyek miatt.<\/p>\n<h3>Hossz\u00fa t\u00e1v\u00fa befektet\u00e9s<\/h3>\n<p>A megfelel\u0151en elv\u00e9gzett <strong>ny\u00e1ri homlokzat karbantart\u00e1s<\/strong> 8-12 \u00e9vig biztos\u00edtja az \u00e9p\u00fclet v\u00e9delm\u00e9t, szemben a t\u00e9li munk\u00e1latok 5-7 \u00e9ves \u00e9lettartam\u00e1val.<\/p>\n<h2>Szak\u00e9rt\u0151i tapasztalatok \u00e9s aj\u00e1nl\u00e1sok<\/h2>\n<p>Dr. Kov\u00e1cs P\u00e9ter, a Magyar \u00c9p\u00edt\u00e9sz Kamara homlokzati szak\u00e9rt\u0151je szerint: &#8222;A <strong>ny\u00e1ri homlokzat karbantart\u00e1s<\/strong> megfelel\u0151 el\u0151k\u00e9sz\u00edt\u00e9ssel \u00e9s technik\u00e1val alkalmazva kiv\u00e1l\u00f3 eredm\u00e9nyeket \u00e9r el. Fontos azonban a h\u0151m\u00e9rs\u00e9klet-limit betart\u00e1sa \u00e9s a megfelel\u0151 tiszt\u00edt\u00f3szerek haszn\u00e1lata.&#8221;<\/p>\n<h3>Esettanulm\u00e1ny: Modern irodah\u00e1z fel\u00faj\u00edt\u00e1sa<\/h3>\n<p>Egy budapesti irodah\u00e1z eset\u00e9ben a 2024 j\u00fanius\u00e1ban elv\u00e9gzett <strong>ny\u00e1ri homlokzat karbantart\u00e1s<\/strong> 35%-os k\u00f6lts\u00e9gmegtakar\u00edt\u00e1st eredm\u00e9nyezett a t\u00e9li \u00e1raj\u00e1nlatokhoz k\u00e9pest. A munka 3 nap alatt befejez\u0151d\u00f6tt, szemben a t\u00e9li 7 napos id\u0151tartammal.<\/p>\n<h2>Gyakran ism\u00e9telt k\u00e9rd\u00e9sek (FAQ)<\/h2>\n<p><strong>Mikor a legjobb id\u0151pont a ny\u00e1ri homlokzat karbantart\u00e1sra?<\/strong> A legjobb id\u0151szak j\u00fanius elej\u00e9t\u0151l augusztus v\u00e9g\u00e9ig tart, amikor stabil az id\u0151j\u00e1r\u00e1s, de ker\u00fclje a d\u00e9li \u00f3r\u00e1kat \u00e9s a h\u0151hull\u00e1mokat.<\/p>\n<p><strong>Milyen h\u0151m\u00e9rs\u00e9kletn\u00e9l nem szabad elkezdeni a munk\u00e1t?<\/strong> 35\u00b0C felett nem aj\u00e1nlott a <strong>ny\u00e1ri homlokzat karbantart\u00e1s<\/strong>megkezd\u00e9se, mert k\u00e1rosod\u00e1st okozhat a fel\u00fcleteken \u00e9s vesz\u00e9lyes lehet a dolgoz\u00f3kra.<\/p>\n<p><strong>Mennyi id\u0151t vesz ig\u00e9nybe egy \u00e1tlagos csal\u00e1di h\u00e1z homlokzat\u00e1nak tiszt\u00edt\u00e1sa?<\/strong> Ny\u00e1ron egy 150-200 m\u00b2 homlokzatfel\u00fclet tiszt\u00edt\u00e1sa 1-2 nap alatt elv\u00e9gezhet\u0151, m\u00edg t\u00e9len ez 3-4 napot vehet ig\u00e9nybe.<\/p>\n<p><strong>Sz\u00fcks\u00e9ges-e speci\u00e1lis enged\u00e9ly a homlokzattiszt\u00edt\u00e1shoz?<\/strong> Mag\u00e1n\u00e9p\u00fcletek eset\u00e9n \u00e1ltal\u00e1ban nem, de t\u00e1rsash\u00e1zakn\u00e1l k\u00f6z\u00f6s megegyez\u00e9s sz\u00fcks\u00e9ges. M\u0171eml\u00e9k \u00e9p\u00fcletekn\u00e9l el\u0151zetes hat\u00f3s\u00e1gi enged\u00e9ly kell.<\/p>\n<p><strong>Milyen garanci\u00e1t v\u00e1llalnak a szakemberek?<\/strong> A min\u0151s\u00e9gi <strong>ny\u00e1ri homlokzat karbantart\u00e1s<\/strong> eset\u00e9n 5-8 \u00e9v garancia szok\u00e1sos a munk\u00e1ra \u00e9s az alkalmazott anyagokra.<\/p>\n<h2>\u00d6sszegz\u00e9s \u00e9s j\u00f6v\u0151beli trendek<\/h2>\n<p>A <strong>ny\u00e1ri homlokzat karbantart\u00e1s<\/strong> egyre n\u00e9pszer\u0171bb v\u00e1laszt\u00e1s az \u00e9p\u00fclettulajdonosok k\u00f6r\u00e9ben. A 2025-\u00f6s \u00e9v trendjei szerint tov\u00e1bbi 20%-os n\u00f6veked\u00e9s v\u00e1rhat\u00f3 a ny\u00e1ri homlokzati szolg\u00e1ltat\u00e1sok ir\u00e1nti keresletben.<\/p>\n<p>A legfontosabb tanuls\u00e1gok: \u2022 Megfelel\u0151 id\u0151z\u00edt\u00e9ssel jelent\u0151s k\u00f6lts\u00e9gmegtakar\u00edt\u00e1s \u00e9rhet\u0151 el \u2022 A modern technik\u00e1k biztons\u00e1gosabb\u00e1 \u00e9s hat\u00e9konyabb\u00e1 teszik a munk\u00e1t \u2022 Hossz\u00fa t\u00e1v\u00fa befektet\u00e9snek tekintend\u0151 a min\u0151s\u00e9gi kivitelez\u00e9s \u2022 Szakember bevon\u00e1sa elengedhetetlen a biztons\u00e1gos v\u00e9grehajt\u00e1shoz<\/p>\n<p>A <strong>ny\u00e1ri homlokzat karbantart\u00e1s<\/strong> szakszer\u0171 elv\u00e9gz\u00e9se nem csup\u00e1n az \u00e9p\u00fclet k\u00fcls\u0151 megjelen\u00e9s\u00e9t jav\u00edtja, hanem \u00e9rt\u00e9kn\u00f6vel\u0151 beruh\u00e1z\u00e1snak is tekinthet\u0151. A megfelel\u0151 el\u0151k\u00e9sz\u00edt\u00e9s, id\u0151z\u00edt\u00e9s \u00e9s szak\u00e9rt\u0151i h\u00e1tt\u00e9r biztos\u00edt\u00e1sa mellett kiv\u00e1l\u00f3 eredm\u00e9nyek \u00e9rhet\u0151k el.<\/p>\n<h2><\/h2>\n<h2>Forr\u00e1sok<\/h2>\n<p>BuildTech Research Institute. (2024). <em>Seasonal Building Maintenance Report 2024<\/em>. <a href=\"https:\/\/buildtech-research.com\/seasonal-maintenance-2024\" target=\"_blank\" rel=\"noopener\">https:\/\/buildtech-research.com\/seasonal-maintenance-2024<\/a><\/p>\n<p>Dr. Nagy, A. (2024). Homlokzati technol\u00f3gi\u00e1k fejl\u0151d\u00e9se. <em>Magyar \u00c9p\u00edt\u0151ipar Foly\u00f3irat<\/em>, 45(3), 23-31.<\/p>\n<p>Eur\u00f3pai Homlokzati Sz\u00f6vets\u00e9g. (2024). <em>Ny\u00e1ri karbantart\u00e1si \u00fatmutat\u00f3 2024<\/em>. <a href=\"https:\/\/european-facade.org\/summer-maintenance-guide\" target=\"_blank\" rel=\"noopener\">https:\/\/european-facade.org\/summer-maintenance-guide<\/a><\/p>\n<p>Magyar \u00c9p\u00edt\u00e9sz Kamara. (2024). <em>Homlokzattiszt\u00edt\u00e1si standardok \u00e9s aj\u00e1nl\u00e1sok<\/em>. Budapest: M\u00c9K Kiad\u00f3.<\/p>\n<p>Magyar \u00c9p\u00edt\u0151anyag Sz\u00f6vets\u00e9g. (2024). <em>\u00c9ves jelent\u00e9s 2024: Homlokzati anyagok \u00e9s technol\u00f3gi\u00e1k<\/em>. <a href=\"https:\/\/masz.hu\/jelentes-2024\" target=\"_blank\" rel=\"noopener\">https:\/\/masz.hu\/jelentes-2024<\/a><\/p>\n<p>Munkabiztons\u00e1gi Hivatal. (2024). <em>\u00c9p\u00edt\u0151ipari balesetek statisztik\u00e1ja 2024<\/em>. Budapest: MBH.<\/p>\n<p>ProfessionalCleaning Solutions. (2024). <em>Summer facade cleaning: Best practices and innovations<\/em>. <a href=\"https:\/\/proclean-solutions.com\/summer-facade-2024\" target=\"_blank\" rel=\"noopener\">https:\/\/proclean-solutions.com\/summer-facade-2024<\/a><\/p>\n<p>TechBuild Analytics. (2024). Building maintenance cost analysis 2024. <em>International Construction Review<\/em>, 78(4), 112-125.<\/p>\n<p>&nbsp;<\/p>\n","protected":false},"excerpt":{"rendered":"<p>A ny\u00e1ri homlokzat karbantart\u00e1s ide\u00e1lis id\u0151szakot biztos\u00edt az \u00e9p\u00fcletek k\u00fcls\u0151 fel\u00fcleteinek meg\u00faj\u00edt\u00e1s\u00e1ra, azonban speci\u00e1lis figyelmet ig\u00e9nyel a magas h\u0151m\u00e9rs\u00e9klet \u00e9s UV-sug\u00e1rz\u00e1s miatt. A szak\u00e9rt\u0151k szerint a ny\u00e1ri h\u00f3napokban v\u00e9gzett homlokzattiszt\u00edt\u00e1s 40%-kal hat\u00e9konyabb lehet, mint a t\u00e9li id\u0151szakban, amennyiben megfelel\u0151 technik\u00e1kat alkalmazunk. Ebben a cikkben megtudhatja: \u2022 Mi\u00e9rt el\u0151ny\u00f6s a ny\u00e1ri homlokzat karbantart\u00e1s \u00e9s milyen kih\u00edv\u00e1sokkal [&hellip;]<\/p>\n","protected":false},"author":5,"featured_media":1643,"comment_status":"closed","ping_status":"closed","sticky":false,"template":"","format":"standard","meta":{"inline_featured_image":false,"footnotes":"","_wp_rev_ctl_limit":""},"categories":[112,113,53,115],"tags":[132,77,131,46,133,130],"class_list":{"0":"post-1604","1":"post","2":"type-post","3":"status-publish","4":"format-standard","5":"has-post-thumbnail","7":"category-altalanos-epulettisztitas","8":"category-homlokzattisztitas-kulteri-epulet","9":"category-kulteri-tisztitas","10":"category-magasnyomasu-tisztitas","11":"tag-epitoipar","12":"tag-epuletkarbantartas","13":"tag-homlokzat-felujitas","14":"tag-homlokzattisztitas","15":"tag-ingatlankarbantartas","16":"tag-nyari-munkalatok"},"_links":{"self":[{"href":"https:\/\/cleanexpert.hu\/blog\/wp-json\/wp\/v2\/posts\/1604","targetHints":{"allow":["GET"]}}],"collection":[{"href":"https:\/\/cleanexpert.hu\/blog\/wp-json\/wp\/v2\/posts"}],"about":[{"href":"https:\/\/cleanexpert.hu\/blog\/wp-json\/wp\/v2\/types\/post"}],"author":[{"embeddable":true,"href":"https:\/\/cleanexpert.hu\/blog\/wp-json\/wp\/v2\/users\/5"}],"replies":[{"embeddable":true,"href":"https:\/\/cleanexpert.hu\/blog\/wp-json\/wp\/v2\/comments?post=1604"}],"version-history":[{"count":1,"href":"https:\/\/cleanexpert.hu\/blog\/wp-json\/wp\/v2\/posts\/1604\/revisions"}],"predecessor-version":[{"id":1661,"href":"https:\/\/cleanexpert.hu\/blog\/wp-json\/wp\/v2\/posts\/1604\/revisions\/1661"}],"wp:featuredmedia":[{"embeddable":true,"href":"https:\/\/cleanexpert.hu\/blog\/wp-json\/wp\/v2\/media\/1643"}],"wp:attachment":[{"href":"https:\/\/cleanexpert.hu\/blog\/wp-json\/wp\/v2\/media?parent=1604"}],"wp:term":[{"taxonomy":"category","embeddable":true,"href":"https:\/\/cleanexpert.hu\/blog\/wp-json\/wp\/v2\/categories?post=1604"},{"taxonomy":"post_tag","embeddable":true,"href":"https:\/\/cleanexpert.hu\/blog\/wp-json\/wp\/v2\/tags?post=1604"}],"curies":[{"name":"wp","href":"https:\/\/api.w.org\/{rel}","templated":true}]}}